{"id":24961,"date":"2024-03-01T11:21:47","date_gmt":"2024-03-01T11:21:47","guid":{"rendered":"https:\/\/artslibris.cat\/?p=24961"},"modified":"2024-03-01T12:23:22","modified_gmt":"2024-03-01T12:23:22","slug":"artslibris-arcomadrid-2024-nota-prensa","status":"publish","type":"post","link":"https:\/\/artslibris.cat\/en\/artslibris-arcomadrid-2024-nota-prensa\/","title":{"rendered":"Speaker&#8217;s Corner en el FORO de ARCOmadrid 2024 \/ ArtsLibris"},"content":{"rendered":"\n<p><strong>PROGRAMACI\u00d3N Speakers\u2019 Corner ARCOmadrid &amp; ArtsLibris<\/strong><\/p>\n\n\n\n<p><strong>S\u00e1bado 9 DE MARZO<\/strong><\/p>\n\n\n\n<p>12:30 LAIA ABRIL<\/p>\n\n\n\n<p>Presenta: <em>On Rape<\/em>, Dewi Lewis Publishing.<\/p>\n\n\n\n<p>Con: Laia Abril, autora de la publicaci\u00f3n.<\/p>\n\n\n\n<p>A ra\u00edz del fracaso judicial y medi\u00e1tico en el caso de La Manada, Abril decide centrar el segundo cap\u00edtulo de su proyecto a largo plazo <em>A History of Misogyny<\/em> en la violaci\u00f3n. Lo aborda desde la perspectiva del fallo institucional, buscando el origen de las leyes y los mitos que fundamentan la cultura de la violaci\u00f3n en el mundo.<\/p>\n\n\n\n<p>13:00 FUNDACI\u00d3 VILA CASAS<\/p>\n\n\n\n<p>Presenta: <em>Tenerse en pie<\/em><\/p>\n\n\n\n<p>Con: Salvador Juanpere, artista, y Nat\u00e0lia Chocarro, comisaria de la exposici\u00f3n.<\/p>\n\n\n\n<p>Presentaci\u00f3n de la publicaci\u00f3n de la exposici\u00f3n <em>Salvador Juanpere &#8211; Tenerse en pie<\/em>. Organizada por la Fundaci\u00f3 Vila Casas y producida por el Centre Cultural-Llibreria Blanquerna en Madrid, <em>Tenerse en pie<\/em> es al mismo tiempo una exploraci\u00f3n acerca de los procesos y m\u00e9todos de construcci\u00f3n de la obra escult\u00f3rica y una metareflexi\u00f3n sobre la profesi\u00f3n misma.<\/p>\n\n\n\n<p>13.30 ELLA CISNEROS<\/p>\n\n\n\n<p>Presenta:<strong> <\/strong><em>Ella soy yo<\/em><strong>, <\/strong>Editorial Funambulista.<\/p>\n\n\n\n<p>Con: Ella Fontanals Cisneros y Wendy Guerra<strong>.<\/strong><\/p>\n\n\n\n<p>Wendy Guerra conducir\u00e1 el evento y charlar\u00e1 con la autora sobre detalles del libro, las circunstancias que le llevaron a escribirlo, y las coincidencias (o no) con la propia biograf\u00eda de la autora.<\/p>\n\n\n\n<p>14:00 CENDEAC<\/p>\n\n\n\n<p>Presenta:&nbsp; <em>Nico Munuera<\/em><\/p>\n\n\n\n<p>Con: Nico Munuera, artista, y Manuel Cebri\u00e1n L\u00f3pez, director general del Instituto de las Industrias Culturales y las Artes (ICA).<\/p>\n\n\n\n<p>Esta publicaci\u00f3n est\u00e1 dentro del proyecto <em>Naturae<\/em> llevado a cabo en 2023 por Nico Munuera. Un proyecto donde el objetivo ha sido implicar a diferentes agentes que conforman el mundo del arte en todo el proceso de creaci\u00f3n. Cr\u00edticos, dise\u00f1adores, traductores, fot\u00f3grafos, artistas, etc. con los que se han creado sesiones de puesta en com\u00fan, en torno al mundo del arte.<\/p>\n\n\n\n<p>15.00 CASA DE VEL\u00c1ZQUEZ<\/p>\n\n\n\n<p>Presenta: El libro de artista como v\u00ednculo entre lo inmaterial y lo f\u00edsico.<\/p>\n\n\n\n<p>Con: Marta P\u00e9rez Campos, artista residente de la Casa de Vel\u00e1zquez<\/p>\n\n\n\n<p>Marta P. Campos presentar\u00e1 dos de sus libros de artista y un avance del que actualmente est\u00e1 realizando como residente. Hablar\u00e1, por un lado, de su inter\u00e9s en traer al mundo real lo invisibilizado, como en el caso de <em>1914-2014: diccionario cementerio del espa\u00f1ol<\/em> y, por otro, de lo perteneciente al mundo virtual con sus proyectos <em>Glitchonomicon<\/em> y <em>Goodbye, World!<\/em>.&nbsp;<\/p>\n\n\n\n<p>15.30 FUNDACI\u00d3N MAR\u00cdA JOS\u00c9 JOVE<\/p>\n\n\n\n<p>Presenta: C\u00f3mo expandir un programa de residencias. La edici\u00f3n alternativa y el arte impreso como pr\u00e1ctica art\u00edstica, MACACO Press.<\/p>\n\n\n\n<p>Con:<strong> <\/strong>Mela D\u00e1vila Freire y Sabrina Fern\u00e1ndez Casas, Artista residente 2023.<\/p>\n\n\n\n<p>En el marco del Programa de Residencias Art\u00edsticas Fundaci\u00f3n Mar\u00eda Jos\u00e9 Jove, FMJJ \u2013 NORMAL en A Coru\u00f1a, invitamos a Sabrina Fern\u00e1ndez Casas a presentar el proyecto MACACO Press y a dialogar sobre arte impreso y ediciones alternativas, as\u00ed como sus modos de circulaci\u00f3n, con Mela D\u00e1vila Freire.<\/p>\n\n\n\n<p>16:00 UNIVERSITAT DE VAL\u00c8NCIA&nbsp;<\/p>\n\n\n\n<p>Presenta: <em>Arte contra la violencia machista. Tantas mujeres en una misma<\/em>.<\/p>\n\n\n\n<p>Con: Ester Alba, Vicerrectora de Cultura i Societat de la Universitat de Val\u00e8ncia, y Sem\u00edramis Gonz\u00e1lez, comisaria de esta propuesta expositiva.<\/p>\n\n\n\n<p>A partir de la selecci\u00f3n de obras de 30 mujeres artistas (de los fondos patrimoniales de las cinco universidades p\u00fablicas valencianas junto a colecciones particulares como DKV, INELCOM y Nueva Colecci\u00f3n Pilar Citoler), se establece un rotundo relato expositivo en contra de la violencia machista.<\/p>\n\n\n\n<p>16.30 &nbsp; UNIVERSITAT DE VAL\u00c8NCIA<\/p>\n\n\n\n<p>Presenta: <em>Auto-retrato o Doble Digital<\/em><\/p>\n\n\n\n<p>Con: Ester Alba, Vicerrectora de Cultura i Societat de la Universitat de Val\u00e8ncia, y Clara Boj y Diego D\u00edaz, artistas.<\/p>\n\n\n\n<p>Esta publicaci\u00f3n afronta uno de los cambios fundamentales que se est\u00e1n produciendo en nuestro entorno social y cultural: la progresiva p\u00e9rdida de privacidad y el an\u00e1lisis de los datos que generamos por parte de empresas cuya actividad escapa a nuestro control.<\/p>\n\n\n\n<p>17.00 IVAM<\/p>\n\n\n\n<p>Presenta:<em> Trascity<\/em>: explorando las posibilidades del cat\u00e1logo como extensi\u00f3n de una exposici\u00f3n.<\/p>\n\n\n\n<p>Con: Jaime del Corro, dise\u00f1ador, y Alberto Feij\u00f3o, artista.<\/p>\n\n\n\n<p>En esta presentaci\u00f3n se explicar\u00e1 el proceso de creaci\u00f3n del cat\u00e1logo de la exposici\u00f3n <em>Trascity<\/em> de Alberto Feij\u00f3o que tuvo lugar en el IVAM Centre Julio Gonz\u00e1lez de Valencia, del 1 de junio de 2023 al 8 de enero de 2024. El cat\u00e1logo es un &#8220;artefacto&#8221; que une collage, textos e im\u00e1genes de la exposici\u00f3n, donde se exploran las capacidades del libro y se cuestionan las formas de presentar una exposici\u00f3n mediante el uso de p\u00e1ginas impresas.<\/p>\n\n\n\n<p>17.30 MATILDE MAR\u00cdN<\/p>\n\n\n\n<p>Presenta: <em>El Libro de Artista. Objeto de s\u00ed mismo<\/em><\/p>\n\n\n\n<p>Con: Matilde Mar\u00edn<\/p>\n\n\n\n<p>Informaci\u00f3n y reflexiones sobre este g\u00e9nero singular; materiales can\u00f3nicos y, a su vez, nuevos contenidos para quienes quieran indagar en esta disciplina art\u00edstica. A partir de la experiencia propia y la investigaci\u00f3n, Matilde Mar\u00edn y Natalia Silberleib abordan en sus respectivos ensayos los puntos centrales que hacen al libro de artista y abren el camino hacia futuros planteos y propuestas de trabajo.<\/p>\n\n\n\n<p>18.00 GALER\u00cdA RUTH BENZACAR<\/p>\n\n\n\n<p>Escuela de Envejecer. B-bodeg\u00f3n: flores, frutas, jarrones y libros.<\/p>\n\n\n\n<p>Composici\u00f3n de Ana Gallardo, Javier P\u00e9rez Iglesias y Mar\u00eda Alejandra Gatti.&nbsp;<\/p>\n\n\n\n<p>Con: Ana Gallardo, Javier P\u00e9rez Iglesias y Mar\u00eda Alejandra Gatti.<\/p>\n\n\n\n<p>Acci\u00f3n perform\u00e1tica en torno al libro <em>Escuela de Envejecer<\/em>.<\/p>\n\n\n\n<p>18.30 MUSEO UNIVERSIDAD DE NAVARRA<\/p>\n\n\n\n<p>Presenta: <em>Buscando lo imposible. Antolog\u00eda de textos sobre el origen de la fotograf\u00eda<\/em>.<\/p>\n\n\n\n<p>Con: Mart\u00ed Llorens, Rebecca Mutell y Valent\u00edn Vallhonrat.<\/p>\n\n\n\n<p>El Museo Universidad de Navarra presenta la publicaci\u00f3n de una antolog\u00eda de textos sobre el origen y la aparici\u00f3n de la fotograf\u00eda, dividida en tres vol\u00famenes, <em>Utop\u00eda<\/em>, <em>Materialidad<\/em> y <em>Praxis<\/em>, en una edici\u00f3n a cargo de Mart\u00ed Llorens y Rebecca Mutell. Incluye la traducci\u00f3n y el comentario de 100 textos originales escritos en ingl\u00e9s y franc\u00e9s que, en su mayor parte, nunca hab\u00edan sido traducidos al espa\u00f1ol. La publicaci\u00f3n da voz a quienes imaginaron y crearon la fotograf\u00eda. Este conjunto de textos pone de manifiesto la genuina relaci\u00f3n entre el arte y la ciencia para proyectar lo fotogr\u00e1fico como uno de los grandes acontecimientos del siglo XIX.<\/p>\n\n\n\n<p>19.00 TINTA INVISIBLE<\/p>\n\n\n\n<p>Presenta: <em>El rostro de la m\u00e1scara<\/em><\/p>\n\n\n\n<p>Con: Carles Mercader conversar\u00e1 con el escritor Jes\u00fas Ferrero.<\/p>\n\n\n\n<p>Presentaci\u00f3n y conversaci\u00f3n en torno al libro <em>TRAU<\/em>, proyecto fotogr\u00e1fico-po\u00e9tico de Carles Mercader, Vicen\u00e7 Altai\u00f3 y Llu\u00eds Calvo. La edici\u00f3n se formaliza en un libro de artista que contiene una exposici\u00f3n port\u00e1til. Dentro de la caja de aluminio hay 7 fotograf\u00edas anal\u00f3gicas de Carles Mercader, una s\u00e1bana serigrafiada con textos de Vicen\u00e7 Altai\u00f3 y Llu\u00eds Calvo, y unas instrucciones de montaje para sujetar las obras sobre la s\u00e1bana.<\/p>\n\n\n\n<p><strong>Domingo 10 DE MARZO<\/strong><\/p>\n\n\n\n<p>12:30 MANUEL OLIVEIRA<\/p>\n\n\n\n<p>Presenta: <em>Muero todos los d\u00edas 2020<\/em>, Libros de la resistencia<\/p>\n\n\n\n<p>Con: Luis Francisco P\u00e9rez, cr\u00edtico, te\u00f3rico del arte y comisario de exposiciones.<\/p>\n\n\n\n<p><em>Muero todos los d\u00edas 2020<\/em> es el segundo poemario de Manuel Olveira que, junto con el primero, <em>Muero todos los d\u00edas 2013-2021<\/em>, cuentan, sin explicar nada, la vida en Le\u00f3n, donde dirigi\u00f3 el MUSAC. Escrito en el confinamiento y la desescalada pand\u00e9micos, presenta dos partes que se corresponden con, la primera, el registro \u00edntimo de la \u00faltima luz de la tarde incidiendo en una pared y, en la segunda, con igual registro una vez encendida una l\u00e1mpara. Entre ambas, una fotograf\u00eda, que el autor denomina encarnadura, de un jarr\u00f3n con ramas de sa\u00faco atravesado por la luz del sol.<\/p>\n\n\n\n<p>13:00 FUNDACI\u00d3N OUKA LEELE<\/p>\n\n\n\n<p>Con: Roc\u00edo SantaCruz, galerista, y Mar\u00eda Rosenfeldt, Ana Alcocer y Mar\u00eda Redondo, del equipo directivo de la fundaci\u00f3n.<\/p>\n\n\n\n<p>La Fundaci\u00f3n Ouka Leele nace con la misi\u00f3n de preservar el legado art\u00edstico y humanitario de la reconocida artista y promover el desarrollo cultural, social y medioambiental a trav\u00e9s del arte. Inspirados por la pasi\u00f3n y compromiso de Ouka Leele con la creatividad, la justicia social y la sostenibilidad, la fundaci\u00f3n se dedica a apoyar a j\u00f3venes artistas emergentes, proporcion\u00e1ndoles recursos, espacios y mentor\u00edas para desarrollar su talento en el contexto art\u00edstico contempor\u00e1neo.<\/p>\n\n\n\n<p>13.30 EL DISPARATE<\/p>\n\n\n\n<p>Presenta: EL LOCAL, un espacio independiente para la fotograf\u00eda contempor\u00e1nea en Madrid.<\/p>\n\n\n\n<p>Con: Shinji Nagabe, Ignacio Navas, Karina Morante, Jorge G. Higuera, Emma \u00c1lvarez Marty, Silvia Jim\u00e9nez.&nbsp;<\/p>\n\n\n\n<p>EL LOCAL, en su primer aniversario, da un paso m\u00e1s y evoluciona, presentar\u00e1n las novedades de nuestro espacio independiente sobre fotograf\u00eda contempor\u00e1nea.<\/p>\n\n\n\n<p>14:00 FONTANAR EDICIONES<\/p>\n\n\n\n<p>Presenta: Manolo OYONARTE\/ COMPOSICIONES PRESIMB\u00d3LICAS.<\/p>\n\n\n\n<p>Con: Jos\u00e9 Manuel Ciria y Manolo Oyonarte, Fernando Castro Fl\u00f3rez, Alfonso de la Torre, Carlos Delgado Mayordomo y Julio C\u00e9sar Abad Vidal.<\/p>\n\n\n\n<p>Breve presentaci\u00f3n de ideas est\u00e9ticas fundamentales y coloquio posterior. A lo largo del acto se proyectar\u00e1n obras de los artistas que se incluyen en los libros.<\/p>\n\n\n\n<p>15.30 CONCRETA<\/p>\n\n\n\n<p>Presenta: CONCRETA 22, MATERNIDAD: \u00abUN SUFRIMIENTO EXQUISITO\u00bb&nbsp;<\/p>\n\n\n\n<p>Con: Maite Mu\u00f1oz Iglesias y Laura Vall\u00e9s<\/p>\n\n\n\n<p>Concreta 22 (oto\u00f1o 2023) busca advertir de la divergencia entre la figura cultural de la madre y el hecho biogr\u00e1fico, entre la instituci\u00f3n y la experiencia, y manifestar el inconformismo frente a las expectativas opresivas ejercidas sobre las no maternidades y las no no maternidades.<\/p>\n\n\n\n<p>16.00 CONCRETA<\/p>\n\n\n\n<p>Presenta: <em>Recuerdo de Sevilla<\/em>, Inmaculada Salinas<\/p>\n\n\n\n<p>Con:&nbsp; Inmaculada Salinas<\/p>\n\n\n\n<p>El trabajo de Inmaculada Salinas gira en torno a \u201clo femenino\u201d, entendido como sujeto social, al que sit\u00faa en una posici\u00f3n que no suele encontrarse, en la que todo gira en torno a \u00e9l. La artista analiza c\u00f3mo este concepto ha sido retratado y transmitido a lo largo de la historia a trav\u00e9s de diferentes sistemas de representaci\u00f3n visual. En <em>Recuerdo de Sevilla<\/em> analiza los mecanismos sociales que contribuyen a la invisibilizaci\u00f3n de la mujer a trav\u00e9s de una relectura de la iconograf\u00eda de Sevilla y sus 162 calles con nombre de mujer.<\/p>\n\n\n\n<p>16.30 EDITORIAL&nbsp; BELLEZA INFINITA<\/p>\n\n\n\n<p>Presenta: <em>Ratos de pasi\u00f3n<\/em><\/p>\n\n\n\n<p>Con: Eduardo Sourrouille, artista de la obra.<\/p>\n\n\n\n<p>Foto-ensayo inspirado en el libro <em>Fragmentos de un discurso amoroso<\/em>, donde Roland Barthes analiza el hecho amoroso y la experiencia del sujeto enamorado. Eduardo Sourrouille desmonta los t\u00f3picos de las fotonovelas rom\u00e1nticas para recrear la representaci\u00f3n de las vicisitudes amorosas con otros protagonistas, situaciones y maneras.<\/p>\n\n\n\n<p>17.00 INSTITUTO DE ESTUDIOS POSTNATURALES<\/p>\n\n\n\n<p>Presenta: <em>La condici\u00f3n postnatural, glosario de ecolog\u00edas para otros mundos posibles<\/em>.<\/p>\n\n\n\n<p>Con: Gabriel Alonso, Clara Benito y Catalina Imizcoz.<\/p>\n\n\n\n<p>\u00bfCual es la relaci\u00f3n entre la ecolog\u00eda contempor\u00e1nea y las pr\u00e1cticas art\u00edsticas? \u00bfC\u00f3mo entender los niveles de agencia con respecto a la crisis socio-clim\u00e1tica y c\u00f3mo buscar otras narrativas para un futuro deseable? \u00bfC\u00f3mo velar juntas, sentir juntas, reestructurar nuestro afecto y sensibilidad? \u00bfY c\u00f3mo movernos m\u00e1s all\u00e1 del luto o de la culpa de cara a actuar? A partir de estas y otras preguntas, el di\u00e1logo gira en torno a algunos de los temas centrales del libro.&nbsp;<\/p>\n\n\n\n<p>17.30 ANNA ROURA<\/p>\n\n\n\n<p>Presenta:&nbsp; <em>L&#8217;Eco de la Pla\u00e7a del Diamant<\/em><\/p>\n\n\n\n<p>Con: Anna Roura, autora.<\/p>\n\n\n\n<p>Un libro de artista configurado a partir de las lecturas de la novela de <em>La Plaza del Diamante<\/em> (de Merc\u00e8 Rodoreda) por parte de nueve personas que actualmente viven en la Plaza del Diamant, del barrio de Gr\u00e0cia (Barcelona). Durante la presentaci\u00f3n se reflexionar\u00e1 sobre cuestiones como el acto de leer y el v\u00ednculo entre el espacio p\u00fablico y el mito literario.<\/p>\n","protected":false},"excerpt":{"rendered":"<p>PROGRAMACI\u00d3N Speakers\u2019 Corner ARCOmadrid &amp; ArtsLibris S\u00e1bado 9 DE MARZO 12:30 LAIA ABRIL Presenta: On Rape, Dewi Lewis Publishing. Con: Laia Abril, autora de la publicaci\u00f3n. A ra\u00edz del fracaso judicial y medi\u00e1tico en el caso de La Manada, Abril decide centrar el segundo cap\u00edtulo de su proyecto a largo plazo A History of Misogyny [&hellip;]<\/p>\n","protected":false},"author":2,"featured_media":24962,"comment_status":"closed","ping_status":"closed","sticky":false,"template":"","format":"standard","meta":{"_acf_changed":false,"site-sidebar-layout":"default","site-content-layout":"","ast-site-content-layout":"default","site-content-style":"default","site-sidebar-style":"default","ast-global-header-display":"","ast-banner-title-visibility":"","ast-main-header-display":"","ast-hfb-above-header-display":"","ast-hfb-below-header-display":"","ast-hfb-mobile-header-display":"","site-post-title":"","ast-breadcrumbs-content":"","ast-featured-img":"","footer-sml-layout":"","ast-disable-related-posts":"","theme-transparent-header-meta":"","adv-header-id-meta":"","stick-header-meta":"","header-above-stick-meta":"","header-main-stick-meta":"","header-below-stick-meta":"","astra-migrate-meta-layouts":"default","ast-page-background-enabled":"default","ast-page-background-meta":{"desktop":{"background-color":"","background-image":"","background-repeat":"repeat","background-position":"center center","background-size":"auto","background-attachment":"scroll","background-type":"","background-media":"","overlay-type":"","overlay-color":"","overlay-opacity":"","overlay-gradient":""},"tablet":{"background-color":"","background-image":"","background-repeat":"repeat","background-position":"center center","background-size":"auto","background-attachment":"scroll","background-type":"","background-media":"","overlay-type":"","overlay-color":"","overlay-opacity":"","overlay-gradient":""},"mobile":{"background-color":"","background-image":"","background-repeat":"repeat","background-position":"center center","background-size":"auto","background-attachment":"scroll","background-type":"","background-media":"","overlay-type":"","overlay-color":"","overlay-opacity":"","overlay-gradient":""}},"ast-content-background-meta":{"desktop":{"background-color":"var(--ast-global-color-5)","background-image":"","background-repeat":"repeat","background-position":"center center","background-size":"auto","background-attachment":"scroll","background-type":"","background-media":"","overlay-type":"","overlay-color":"","overlay-opacity":"","overlay-gradient":""},"tablet":{"background-color":"var(--ast-global-color-5)","background-image":"","background-repeat":"repeat","background-position":"center center","background-size":"auto","background-attachment":"scroll","background-type":"","background-media":"","overlay-type":"","overlay-color":"","overlay-opacity":"","overlay-gradient":""},"mobile":{"background-color":"var(--ast-global-color-5)","background-image":"","background-repeat":"repeat","background-position":"center center","background-size":"auto","background-attachment":"scroll","background-type":"","background-media":"","overlay-type":"","overlay-color":"","overlay-opacity":"","overlay-gradient":""}},"footnotes":""},"categories":[1],"tags":[],"class_list":["post-24961","post","type-post","status-publish","format-standard","has-post-thumbnail","hentry","category-sin-categorizar"],"acf":[],"yoast_head":"<!-- This site is optimized with the Yoast SEO plugin v27.3 - https:\/\/yoast.com\/product\/yoast-seo-wordpress\/ -->\n<title>Speaker&#039;s Corner en el FORO de ARCOmadrid 2024 \/ ArtsLibris - ArtsLibris<\/title>\n<meta name=\"robots\" content=\"index, follow, max-snippet:-1, max-image-preview:large, max-video-preview:-1\" \/>\n<link rel=\"canonical\" href=\"https:\/\/artslibris.cat\/en\/artslibris-arcomadrid-2024-nota-prensa\/\" \/>\n<meta property=\"og:locale\" content=\"en_US\" \/>\n<meta property=\"og:type\" content=\"article\" \/>\n<meta property=\"og:title\" content=\"Speaker&#039;s Corner en el FORO de ARCOmadrid 2024 \/ ArtsLibris - ArtsLibris\" \/>\n<meta property=\"og:description\" content=\"PROGRAMACI\u00d3N Speakers\u2019 Corner ARCOmadrid &amp; ArtsLibris S\u00e1bado 9 DE MARZO 12:30 LAIA ABRIL Presenta: On Rape, Dewi Lewis Publishing. Con: Laia Abril, autora de la publicaci\u00f3n. A ra\u00edz del fracaso judicial y medi\u00e1tico en el caso de La Manada, Abril decide centrar el segundo cap\u00edtulo de su proyecto a largo plazo A History of Misogyny [&hellip;]\" \/>\n<meta property=\"og:url\" content=\"https:\/\/artslibris.cat\/en\/artslibris-arcomadrid-2024-nota-prensa\/\" \/>\n<meta property=\"og:site_name\" content=\"ArtsLibris\" \/>\n<meta property=\"article:publisher\" content=\"https:\/\/www.facebook.com\/artslibris\/\" \/>\n<meta property=\"article:published_time\" content=\"2024-03-01T11:21:47+00:00\" \/>\n<meta property=\"article:modified_time\" content=\"2024-03-01T12:23:22+00:00\" \/>\n<meta property=\"og:image\" content=\"https:\/\/artslibris.cat\/wp-content\/uploads\/2024\/03\/AL_ARCOmadrid_024_square-19-1.jpg\" \/>\n\t<meta property=\"og:image:width\" content=\"1081\" \/>\n\t<meta property=\"og:image:height\" content=\"1081\" \/>\n\t<meta property=\"og:image:type\" content=\"image\/jpeg\" \/>\n<meta name=\"author\" content=\"ArtsLibris\" \/>\n<meta name=\"twitter:card\" content=\"summary_large_image\" \/>\n<meta name=\"twitter:creator\" content=\"@ArtsLibris\" \/>\n<meta name=\"twitter:site\" content=\"@ArtsLibris\" \/>\n<meta name=\"twitter:label1\" content=\"Written by\" \/>\n\t<meta name=\"twitter:data1\" content=\"ArtsLibris\" \/>\n\t<meta name=\"twitter:label2\" content=\"Est. reading time\" \/>\n\t<meta name=\"twitter:data2\" content=\"8 minutes\" \/>\n<script type=\"application\/ld+json\" class=\"yoast-schema-graph\">{\"@context\":\"https:\\\/\\\/schema.org\",\"@graph\":[{\"@type\":\"Article\",\"@id\":\"https:\\\/\\\/artslibris.cat\\\/en\\\/artslibris-arcomadrid-2024-nota-prensa\\\/#article\",\"isPartOf\":{\"@id\":\"https:\\\/\\\/artslibris.cat\\\/en\\\/artslibris-arcomadrid-2024-nota-prensa\\\/\"},\"author\":{\"name\":\"ArtsLibris\",\"@id\":\"https:\\\/\\\/artslibris.cat\\\/en\\\/#\\\/schema\\\/person\\\/ad936dc2a81f3b31bbbdbd0e48dcff11\"},\"headline\":\"Speaker&#8217;s Corner en el FORO de ARCOmadrid 2024 \\\/ ArtsLibris\",\"datePublished\":\"2024-03-01T11:21:47+00:00\",\"dateModified\":\"2024-03-01T12:23:22+00:00\",\"mainEntityOfPage\":{\"@id\":\"https:\\\/\\\/artslibris.cat\\\/en\\\/artslibris-arcomadrid-2024-nota-prensa\\\/\"},\"wordCount\":1980,\"publisher\":{\"@id\":\"https:\\\/\\\/artslibris.cat\\\/en\\\/#organization\"},\"image\":{\"@id\":\"https:\\\/\\\/artslibris.cat\\\/en\\\/artslibris-arcomadrid-2024-nota-prensa\\\/#primaryimage\"},\"thumbnailUrl\":\"https:\\\/\\\/artslibris.cat\\\/wp-content\\\/uploads\\\/2024\\\/03\\\/AL_ARCOmadrid_024_square-19-1.jpg\",\"articleSection\":[\"Sin categorizar\"],\"inLanguage\":\"en-US\"},{\"@type\":\"WebPage\",\"@id\":\"https:\\\/\\\/artslibris.cat\\\/en\\\/artslibris-arcomadrid-2024-nota-prensa\\\/\",\"url\":\"https:\\\/\\\/artslibris.cat\\\/en\\\/artslibris-arcomadrid-2024-nota-prensa\\\/\",\"name\":\"Speaker's Corner en el FORO de ARCOmadrid 2024 \\\/ ArtsLibris - ArtsLibris\",\"isPartOf\":{\"@id\":\"https:\\\/\\\/artslibris.cat\\\/en\\\/#website\"},\"primaryImageOfPage\":{\"@id\":\"https:\\\/\\\/artslibris.cat\\\/en\\\/artslibris-arcomadrid-2024-nota-prensa\\\/#primaryimage\"},\"image\":{\"@id\":\"https:\\\/\\\/artslibris.cat\\\/en\\\/artslibris-arcomadrid-2024-nota-prensa\\\/#primaryimage\"},\"thumbnailUrl\":\"https:\\\/\\\/artslibris.cat\\\/wp-content\\\/uploads\\\/2024\\\/03\\\/AL_ARCOmadrid_024_square-19-1.jpg\",\"datePublished\":\"2024-03-01T11:21:47+00:00\",\"dateModified\":\"2024-03-01T12:23:22+00:00\",\"breadcrumb\":{\"@id\":\"https:\\\/\\\/artslibris.cat\\\/en\\\/artslibris-arcomadrid-2024-nota-prensa\\\/#breadcrumb\"},\"inLanguage\":\"en-US\",\"potentialAction\":[{\"@type\":\"ReadAction\",\"target\":[\"https:\\\/\\\/artslibris.cat\\\/en\\\/artslibris-arcomadrid-2024-nota-prensa\\\/\"]}]},{\"@type\":\"ImageObject\",\"inLanguage\":\"en-US\",\"@id\":\"https:\\\/\\\/artslibris.cat\\\/en\\\/artslibris-arcomadrid-2024-nota-prensa\\\/#primaryimage\",\"url\":\"https:\\\/\\\/artslibris.cat\\\/wp-content\\\/uploads\\\/2024\\\/03\\\/AL_ARCOmadrid_024_square-19-1.jpg\",\"contentUrl\":\"https:\\\/\\\/artslibris.cat\\\/wp-content\\\/uploads\\\/2024\\\/03\\\/AL_ARCOmadrid_024_square-19-1.jpg\",\"width\":1081,\"height\":1081},{\"@type\":\"BreadcrumbList\",\"@id\":\"https:\\\/\\\/artslibris.cat\\\/en\\\/artslibris-arcomadrid-2024-nota-prensa\\\/#breadcrumb\",\"itemListElement\":[{\"@type\":\"ListItem\",\"position\":1,\"name\":\"Portada\",\"item\":\"https:\\\/\\\/artslibris.cat\\\/en\\\/\"},{\"@type\":\"ListItem\",\"position\":2,\"name\":\"Speaker&#8217;s Corner en el FORO de ARCOmadrid 2024 \\\/ ArtsLibris\"}]},{\"@type\":\"WebSite\",\"@id\":\"https:\\\/\\\/artslibris.cat\\\/en\\\/#website\",\"url\":\"https:\\\/\\\/artslibris.cat\\\/en\\\/\",\"name\":\"ArtsLibris\",\"description\":\"\",\"publisher\":{\"@id\":\"https:\\\/\\\/artslibris.cat\\\/en\\\/#organization\"},\"potentialAction\":[{\"@type\":\"SearchAction\",\"target\":{\"@type\":\"EntryPoint\",\"urlTemplate\":\"https:\\\/\\\/artslibris.cat\\\/en\\\/?s={search_term_string}\"},\"query-input\":{\"@type\":\"PropertyValueSpecification\",\"valueRequired\":true,\"valueName\":\"search_term_string\"}}],\"inLanguage\":\"en-US\"},{\"@type\":\"Organization\",\"@id\":\"https:\\\/\\\/artslibris.cat\\\/en\\\/#organization\",\"name\":\"ArtsLibris\",\"url\":\"https:\\\/\\\/artslibris.cat\\\/en\\\/\",\"logo\":{\"@type\":\"ImageObject\",\"inLanguage\":\"en-US\",\"@id\":\"https:\\\/\\\/artslibris.cat\\\/en\\\/#\\\/schema\\\/logo\\\/image\\\/\",\"url\":\"https:\\\/\\\/artslibris.cat\\\/wp-content\\\/uploads\\\/2020\\\/05\\\/ArtsLibris-logo-black.svg\",\"contentUrl\":\"https:\\\/\\\/artslibris.cat\\\/wp-content\\\/uploads\\\/2020\\\/05\\\/ArtsLibris-logo-black.svg\",\"width\":521,\"height\":85,\"caption\":\"ArtsLibris\"},\"image\":{\"@id\":\"https:\\\/\\\/artslibris.cat\\\/en\\\/#\\\/schema\\\/logo\\\/image\\\/\"},\"sameAs\":[\"https:\\\/\\\/www.facebook.com\\\/artslibris\\\/\",\"https:\\\/\\\/x.com\\\/ArtsLibris\",\"https:\\\/\\\/www.instagram.com\\\/artslibris\\\/\"]},{\"@type\":\"Person\",\"@id\":\"https:\\\/\\\/artslibris.cat\\\/en\\\/#\\\/schema\\\/person\\\/ad936dc2a81f3b31bbbdbd0e48dcff11\",\"name\":\"ArtsLibris\",\"image\":{\"@type\":\"ImageObject\",\"inLanguage\":\"en-US\",\"@id\":\"https:\\\/\\\/secure.gravatar.com\\\/avatar\\\/93554fdb6b14b0d4b5a8d5429c61249580dede255b2f67526f18a8e65978ba0f?s=96&d=mm&r=g\",\"url\":\"https:\\\/\\\/secure.gravatar.com\\\/avatar\\\/93554fdb6b14b0d4b5a8d5429c61249580dede255b2f67526f18a8e65978ba0f?s=96&d=mm&r=g\",\"contentUrl\":\"https:\\\/\\\/secure.gravatar.com\\\/avatar\\\/93554fdb6b14b0d4b5a8d5429c61249580dede255b2f67526f18a8e65978ba0f?s=96&d=mm&r=g\",\"caption\":\"ArtsLibris\"},\"url\":\"https:\\\/\\\/0b48ef4fdac37494.cat\\\/en\\\/author\\\/0b48ef4fdac37494\\\/\"}]}<\/script>\n<!-- \/ Yoast SEO plugin. -->","yoast_head_json":{"title":"Speaker's Corner en el FORO de ARCOmadrid 2024 \/ ArtsLibris - ArtsLibris","robots":{"index":"index","follow":"follow","max-snippet":"max-snippet:-1","max-image-preview":"max-image-preview:large","max-video-preview":"max-video-preview:-1"},"canonical":"https:\/\/artslibris.cat\/en\/artslibris-arcomadrid-2024-nota-prensa\/","og_locale":"en_US","og_type":"article","og_title":"Speaker's Corner en el FORO de ARCOmadrid 2024 \/ ArtsLibris - ArtsLibris","og_description":"PROGRAMACI\u00d3N Speakers\u2019 Corner ARCOmadrid &amp; ArtsLibris S\u00e1bado 9 DE MARZO 12:30 LAIA ABRIL Presenta: On Rape, Dewi Lewis Publishing. Con: Laia Abril, autora de la publicaci\u00f3n. A ra\u00edz del fracaso judicial y medi\u00e1tico en el caso de La Manada, Abril decide centrar el segundo cap\u00edtulo de su proyecto a largo plazo A History of Misogyny [&hellip;]","og_url":"https:\/\/artslibris.cat\/en\/artslibris-arcomadrid-2024-nota-prensa\/","og_site_name":"ArtsLibris","article_publisher":"https:\/\/www.facebook.com\/artslibris\/","article_published_time":"2024-03-01T11:21:47+00:00","article_modified_time":"2024-03-01T12:23:22+00:00","og_image":[{"width":1081,"height":1081,"url":"https:\/\/artslibris.cat\/wp-content\/uploads\/2024\/03\/AL_ARCOmadrid_024_square-19-1.jpg","type":"image\/jpeg"}],"author":"ArtsLibris","twitter_card":"summary_large_image","twitter_creator":"@ArtsLibris","twitter_site":"@ArtsLibris","twitter_misc":{"Written by":"ArtsLibris","Est. reading time":"8 minutes"},"schema":{"@context":"https:\/\/schema.org","@graph":[{"@type":"Article","@id":"https:\/\/artslibris.cat\/en\/artslibris-arcomadrid-2024-nota-prensa\/#article","isPartOf":{"@id":"https:\/\/artslibris.cat\/en\/artslibris-arcomadrid-2024-nota-prensa\/"},"author":{"name":"ArtsLibris","@id":"https:\/\/artslibris.cat\/en\/#\/schema\/person\/ad936dc2a81f3b31bbbdbd0e48dcff11"},"headline":"Speaker&#8217;s Corner en el FORO de ARCOmadrid 2024 \/ ArtsLibris","datePublished":"2024-03-01T11:21:47+00:00","dateModified":"2024-03-01T12:23:22+00:00","mainEntityOfPage":{"@id":"https:\/\/artslibris.cat\/en\/artslibris-arcomadrid-2024-nota-prensa\/"},"wordCount":1980,"publisher":{"@id":"https:\/\/artslibris.cat\/en\/#organization"},"image":{"@id":"https:\/\/artslibris.cat\/en\/artslibris-arcomadrid-2024-nota-prensa\/#primaryimage"},"thumbnailUrl":"https:\/\/artslibris.cat\/wp-content\/uploads\/2024\/03\/AL_ARCOmadrid_024_square-19-1.jpg","articleSection":["Sin categorizar"],"inLanguage":"en-US"},{"@type":"WebPage","@id":"https:\/\/artslibris.cat\/en\/artslibris-arcomadrid-2024-nota-prensa\/","url":"https:\/\/artslibris.cat\/en\/artslibris-arcomadrid-2024-nota-prensa\/","name":"Speaker's Corner en el FORO de ARCOmadrid 2024 \/ ArtsLibris - ArtsLibris","isPartOf":{"@id":"https:\/\/artslibris.cat\/en\/#website"},"primaryImageOfPage":{"@id":"https:\/\/artslibris.cat\/en\/artslibris-arcomadrid-2024-nota-prensa\/#primaryimage"},"image":{"@id":"https:\/\/artslibris.cat\/en\/artslibris-arcomadrid-2024-nota-prensa\/#primaryimage"},"thumbnailUrl":"https:\/\/artslibris.cat\/wp-content\/uploads\/2024\/03\/AL_ARCOmadrid_024_square-19-1.jpg","datePublished":"2024-03-01T11:21:47+00:00","dateModified":"2024-03-01T12:23:22+00:00","breadcrumb":{"@id":"https:\/\/artslibris.cat\/en\/artslibris-arcomadrid-2024-nota-prensa\/#breadcrumb"},"inLanguage":"en-US","potentialAction":[{"@type":"ReadAction","target":["https:\/\/artslibris.cat\/en\/artslibris-arcomadrid-2024-nota-prensa\/"]}]},{"@type":"ImageObject","inLanguage":"en-US","@id":"https:\/\/artslibris.cat\/en\/artslibris-arcomadrid-2024-nota-prensa\/#primaryimage","url":"https:\/\/artslibris.cat\/wp-content\/uploads\/2024\/03\/AL_ARCOmadrid_024_square-19-1.jpg","contentUrl":"https:\/\/artslibris.cat\/wp-content\/uploads\/2024\/03\/AL_ARCOmadrid_024_square-19-1.jpg","width":1081,"height":1081},{"@type":"BreadcrumbList","@id":"https:\/\/artslibris.cat\/en\/artslibris-arcomadrid-2024-nota-prensa\/#breadcrumb","itemListElement":[{"@type":"ListItem","position":1,"name":"Portada","item":"https:\/\/artslibris.cat\/en\/"},{"@type":"ListItem","position":2,"name":"Speaker&#8217;s Corner en el FORO de ARCOmadrid 2024 \/ ArtsLibris"}]},{"@type":"WebSite","@id":"https:\/\/artslibris.cat\/en\/#website","url":"https:\/\/artslibris.cat\/en\/","name":"ArtsLibris","description":"","publisher":{"@id":"https:\/\/artslibris.cat\/en\/#organization"},"potentialAction":[{"@type":"SearchAction","target":{"@type":"EntryPoint","urlTemplate":"https:\/\/artslibris.cat\/en\/?s={search_term_string}"},"query-input":{"@type":"PropertyValueSpecification","valueRequired":true,"valueName":"search_term_string"}}],"inLanguage":"en-US"},{"@type":"Organization","@id":"https:\/\/artslibris.cat\/en\/#organization","name":"ArtsLibris","url":"https:\/\/artslibris.cat\/en\/","logo":{"@type":"ImageObject","inLanguage":"en-US","@id":"https:\/\/artslibris.cat\/en\/#\/schema\/logo\/image\/","url":"https:\/\/artslibris.cat\/wp-content\/uploads\/2020\/05\/ArtsLibris-logo-black.svg","contentUrl":"https:\/\/artslibris.cat\/wp-content\/uploads\/2020\/05\/ArtsLibris-logo-black.svg","width":521,"height":85,"caption":"ArtsLibris"},"image":{"@id":"https:\/\/artslibris.cat\/en\/#\/schema\/logo\/image\/"},"sameAs":["https:\/\/www.facebook.com\/artslibris\/","https:\/\/x.com\/ArtsLibris","https:\/\/www.instagram.com\/artslibris\/"]},{"@type":"Person","@id":"https:\/\/artslibris.cat\/en\/#\/schema\/person\/ad936dc2a81f3b31bbbdbd0e48dcff11","name":"ArtsLibris","image":{"@type":"ImageObject","inLanguage":"en-US","@id":"https:\/\/secure.gravatar.com\/avatar\/93554fdb6b14b0d4b5a8d5429c61249580dede255b2f67526f18a8e65978ba0f?s=96&d=mm&r=g","url":"https:\/\/secure.gravatar.com\/avatar\/93554fdb6b14b0d4b5a8d5429c61249580dede255b2f67526f18a8e65978ba0f?s=96&d=mm&r=g","contentUrl":"https:\/\/secure.gravatar.com\/avatar\/93554fdb6b14b0d4b5a8d5429c61249580dede255b2f67526f18a8e65978ba0f?s=96&d=mm&r=g","caption":"ArtsLibris"},"url":"https:\/\/0b48ef4fdac37494.cat\/en\/author\/0b48ef4fdac37494\/"}]}},"_links":{"self":[{"href":"https:\/\/artslibris.cat\/en\/wp-json\/wp\/v2\/posts\/24961","targetHints":{"allow":["GET"]}}],"collection":[{"href":"https:\/\/artslibris.cat\/en\/wp-json\/wp\/v2\/posts"}],"about":[{"href":"https:\/\/artslibris.cat\/en\/wp-json\/wp\/v2\/types\/post"}],"author":[{"embeddable":true,"href":"https:\/\/artslibris.cat\/en\/wp-json\/wp\/v2\/users\/2"}],"replies":[{"embeddable":true,"href":"https:\/\/artslibris.cat\/en\/wp-json\/wp\/v2\/comments?post=24961"}],"version-history":[{"count":0,"href":"https:\/\/artslibris.cat\/en\/wp-json\/wp\/v2\/posts\/24961\/revisions"}],"wp:featuredmedia":[{"embeddable":true,"href":"https:\/\/artslibris.cat\/en\/wp-json\/wp\/v2\/media\/24962"}],"wp:attachment":[{"href":"https:\/\/artslibris.cat\/en\/wp-json\/wp\/v2\/media?parent=24961"}],"wp:term":[{"taxonomy":"category","embeddable":true,"href":"https:\/\/artslibris.cat\/en\/wp-json\/wp\/v2\/categories?post=24961"},{"taxonomy":"post_tag","embeddable":true,"href":"https:\/\/artslibris.cat\/en\/wp-json\/wp\/v2\/tags?post=24961"}],"curies":[{"name":"wp","href":"https:\/\/api.w.org\/{rel}","templated":true}]}}