{"id":13585,"date":"2021-07-28T15:20:13","date_gmt":"2021-07-28T15:20:13","guid":{"rendered":"https:\/\/artslibris.cat\/?p=13585"},"modified":"2021-07-28T15:20:15","modified_gmt":"2021-07-28T15:20:15","slug":"artslibris-en-arcolisboa-2021","status":"publish","type":"post","link":"https:\/\/artslibris.cat\/ca\/artslibris-en-arcolisboa-2021\/","title":{"rendered":"ArtsLibris en ARCOLisboa 2021"},"content":{"rendered":"\n<p>\u00a1<strong>ARCOlisboa 2021<\/strong> se celebrar\u00e1 unicamente en formato digital!<\/p>\n\n\n\n<p>Esta pr\u00f3xima edici\u00f3n de <strong>ARCOlisboa 2021<\/strong> se realizar\u00e1 online del 13 al 19 de septiembre, con acceso VIP el d\u00eda 12. La feria se celebrar\u00e1 en la plataforma <strong><a href=\"https:\/\/arco-exhibitions.ifema.es\/\" target=\"_blank\" rel=\"noreferrer noopener\">ARCO E-XHIBITIONS<\/a><\/strong>, el espacio digital dedicado a presentar exposiciones creadas por las galer\u00edas participates en <strong>ARCOlisboa<\/strong>. <\/p>\n\n\n\n<p><a href=\"https:\/\/www.ifema.es\/arco-lisboa\" target=\"_blank\" rel=\"noreferrer noopener\"><span style=\"text-decoration: underline;\">M\u00e1s informaci\u00f3n<\/span><\/a><\/p>\n\n\n\n<p>La Librer\u00eda ArtsLibris participar\u00e1 este a\u00f1o en la feria virtual de ARCOlisboa para difundir nuestra colecci\u00f3n de proyectos de edici\u00f3n contempor\u00e1nea. Si no formas parte de nuestra librer\u00eda y estas interesado en participar en dicha edici\u00f3n, es un buen momento para unirte. \u00a1Ap\u00fantate!<\/p>\n\n\n\n<p><span style=\"text-decoration: underline;\"><a href=\"https:\/\/artslibris.cat\/ca\/artslibris-lisboa-2021-inscripcions\/\" target=\"_blank\" rel=\"noreferrer noopener\">Consulta las condiciones<\/a><br><a href=\"https:\/\/artslibris.cat\/ca\/ediciones-anteriores\/\" target=\"_blank\" rel=\"noreferrer noopener\">Descubre las ediciones anteriores de ArtsLibris en ARCO<\/a><\/span><\/p>\n\n\n\n<p>\u00a1Nos vemos online!<\/p>\n\n\n\n<p><\/p>\n","protected":false},"excerpt":{"rendered":"<p>\u00a1ARCOlisboa 2021 se celebrar\u00e1 unicamente en formato digital! Esta pr\u00f3xima edici\u00f3n de ARCOlisboa 2021 se realizar\u00e1 online del 13 al 19 de septiembre, con acceso VIP el d\u00eda 12. La feria se celebrar\u00e1 en la plataforma ARCO E-XHIBITIONS, el espacio digital dedicado a presentar exposiciones creadas por las galer\u00edas participates en ARCOlisboa. M\u00e1s informaci\u00f3n La [&hellip;]<\/p>\n","protected":false},"author":2,"featured_media":13549,"comment_status":"open","ping_status":"open","sticky":false,"template":"","format":"standard","meta":{"_acf_changed":false,"site-sidebar-layout":"default","site-content-layout":"default","ast-site-content-layout":"default","site-content-style":"default","site-sidebar-style":"default","ast-global-header-display":"","ast-banner-title-visibility":"","ast-main-header-display":"","ast-hfb-above-header-display":"","ast-hfb-below-header-display":"","ast-hfb-mobile-header-display":"","site-post-title":"","ast-breadcrumbs-content":"","ast-featured-img":"","footer-sml-layout":"","ast-disable-related-posts":"","theme-transparent-header-meta":"default","adv-header-id-meta":"","stick-header-meta":"","header-above-stick-meta":"","header-main-stick-meta":"","header-below-stick-meta":"","astra-migrate-meta-layouts":"default","ast-page-background-enabled":"default","ast-page-background-meta":{"desktop":{"background-color":"","background-image":"","background-repeat":"repeat","background-position":"center center","background-size":"auto","background-attachment":"scroll","background-type":"","background-media":"","overlay-type":"","overlay-color":"","overlay-opacity":"","overlay-gradient":""},"tablet":{"background-color":"","background-image":"","background-repeat":"repeat","background-position":"center center","background-size":"auto","background-attachment":"scroll","background-type":"","background-media":"","overlay-type":"","overlay-color":"","overlay-opacity":"","overlay-gradient":""},"mobile":{"background-color":"","background-image":"","background-repeat":"repeat","background-position":"center center","background-size":"auto","background-attachment":"scroll","background-type":"","background-media":"","overlay-type":"","overlay-color":"","overlay-opacity":"","overlay-gradient":""}},"ast-content-background-meta":{"desktop":{"background-color":"var(--ast-global-color-5)","background-image":"","background-repeat":"repeat","background-position":"center center","background-size":"auto","background-attachment":"scroll","background-type":"","background-media":"","overlay-type":"","overlay-color":"","overlay-opacity":"","overlay-gradient":""},"tablet":{"background-color":"var(--ast-global-color-5)","background-image":"","background-repeat":"repeat","background-position":"center center","background-size":"auto","background-attachment":"scroll","background-type":"","background-media":"","overlay-type":"","overlay-color":"","overlay-opacity":"","overlay-gradient":""},"mobile":{"background-color":"var(--ast-global-color-5)","background-image":"","background-repeat":"repeat","background-position":"center center","background-size":"auto","background-attachment":"scroll","background-type":"","background-media":"","overlay-type":"","overlay-color":"","overlay-opacity":"","overlay-gradient":""}},"footnotes":""},"categories":[48],"tags":[],"class_list":["post-13585","post","type-post","status-publish","format-standard","has-post-thumbnail","hentry","category-sense-categoria"],"acf":[],"yoast_head":"<!-- This site is optimized with the Yoast SEO plugin v27.3 - https:\/\/yoast.com\/product\/yoast-seo-wordpress\/ -->\n<title>ArtsLibris en ARCOLisboa 2021 - ArtsLibris<\/title>\n<meta name=\"robots\" content=\"index, follow, max-snippet:-1, max-image-preview:large, max-video-preview:-1\" \/>\n<link rel=\"canonical\" href=\"https:\/\/artslibris.cat\/ca\/artslibris-en-arcolisboa-2021\/\" \/>\n<meta property=\"og:locale\" content=\"ca_ES\" \/>\n<meta property=\"og:type\" content=\"article\" \/>\n<meta property=\"og:title\" content=\"ArtsLibris en ARCOLisboa 2021 - ArtsLibris\" \/>\n<meta property=\"og:description\" content=\"\u00a1ARCOlisboa 2021 se celebrar\u00e1 unicamente en formato digital! Esta pr\u00f3xima edici\u00f3n de ARCOlisboa 2021 se realizar\u00e1 online del 13 al 19 de septiembre, con acceso VIP el d\u00eda 12. La feria se celebrar\u00e1 en la plataforma ARCO E-XHIBITIONS, el espacio digital dedicado a presentar exposiciones creadas por las galer\u00edas participates en ARCOlisboa. M\u00e1s informaci\u00f3n La [&hellip;]\" \/>\n<meta property=\"og:url\" content=\"https:\/\/artslibris.cat\/ca\/artslibris-en-arcolisboa-2021\/\" \/>\n<meta property=\"og:site_name\" content=\"ArtsLibris\" \/>\n<meta property=\"article:publisher\" content=\"https:\/\/www.facebook.com\/artslibris\/\" \/>\n<meta property=\"article:published_time\" content=\"2021-07-28T15:20:13+00:00\" \/>\n<meta property=\"article:modified_time\" content=\"2021-07-28T15:20:15+00:00\" \/>\n<meta property=\"og:image\" content=\"https:\/\/artslibris.cat\/wp-content\/uploads\/2021\/07\/AL-Lisboa-banners-ca-1.jpg\" \/>\n\t<meta property=\"og:image:width\" content=\"2346\" \/>\n\t<meta property=\"og:image:height\" content=\"1431\" \/>\n\t<meta property=\"og:image:type\" content=\"image\/jpeg\" \/>\n<meta name=\"author\" content=\"ArtsLibris\" \/>\n<meta name=\"twitter:card\" content=\"summary_large_image\" \/>\n<meta name=\"twitter:creator\" content=\"@ArtsLibris\" \/>\n<meta name=\"twitter:site\" content=\"@ArtsLibris\" \/>\n<meta name=\"twitter:label1\" content=\"Escrit per\" \/>\n\t<meta name=\"twitter:data1\" content=\"ArtsLibris\" \/>\n\t<meta name=\"twitter:label2\" content=\"Temps estimat de lectura\" \/>\n\t<meta name=\"twitter:data2\" content=\"1 minut\" \/>\n<script type=\"application\/ld+json\" class=\"yoast-schema-graph\">{\"@context\":\"https:\\\/\\\/schema.org\",\"@graph\":[{\"@type\":\"Article\",\"@id\":\"https:\\\/\\\/artslibris.cat\\\/ca\\\/artslibris-en-arcolisboa-2021\\\/#article\",\"isPartOf\":{\"@id\":\"https:\\\/\\\/artslibris.cat\\\/ca\\\/artslibris-en-arcolisboa-2021\\\/\"},\"author\":{\"name\":\"ArtsLibris\",\"@id\":\"https:\\\/\\\/artslibris.cat\\\/ca\\\/#\\\/schema\\\/person\\\/ad936dc2a81f3b31bbbdbd0e48dcff11\"},\"headline\":\"ArtsLibris en ARCOLisboa 2021\",\"datePublished\":\"2021-07-28T15:20:13+00:00\",\"dateModified\":\"2021-07-28T15:20:15+00:00\",\"mainEntityOfPage\":{\"@id\":\"https:\\\/\\\/artslibris.cat\\\/ca\\\/artslibris-en-arcolisboa-2021\\\/\"},\"wordCount\":123,\"commentCount\":0,\"publisher\":{\"@id\":\"https:\\\/\\\/artslibris.cat\\\/ca\\\/#organization\"},\"image\":{\"@id\":\"https:\\\/\\\/artslibris.cat\\\/ca\\\/artslibris-en-arcolisboa-2021\\\/#primaryimage\"},\"thumbnailUrl\":\"https:\\\/\\\/artslibris.cat\\\/wp-content\\\/uploads\\\/2021\\\/07\\\/AL-Lisboa-banners-ca-1.jpg\",\"inLanguage\":\"ca\",\"potentialAction\":[{\"@type\":\"CommentAction\",\"name\":\"Comment\",\"target\":[\"https:\\\/\\\/artslibris.cat\\\/ca\\\/artslibris-en-arcolisboa-2021\\\/#respond\"]}]},{\"@type\":\"WebPage\",\"@id\":\"https:\\\/\\\/artslibris.cat\\\/ca\\\/artslibris-en-arcolisboa-2021\\\/\",\"url\":\"https:\\\/\\\/artslibris.cat\\\/ca\\\/artslibris-en-arcolisboa-2021\\\/\",\"name\":\"ArtsLibris en ARCOLisboa 2021 - ArtsLibris\",\"isPartOf\":{\"@id\":\"https:\\\/\\\/artslibris.cat\\\/ca\\\/#website\"},\"primaryImageOfPage\":{\"@id\":\"https:\\\/\\\/artslibris.cat\\\/ca\\\/artslibris-en-arcolisboa-2021\\\/#primaryimage\"},\"image\":{\"@id\":\"https:\\\/\\\/artslibris.cat\\\/ca\\\/artslibris-en-arcolisboa-2021\\\/#primaryimage\"},\"thumbnailUrl\":\"https:\\\/\\\/artslibris.cat\\\/wp-content\\\/uploads\\\/2021\\\/07\\\/AL-Lisboa-banners-ca-1.jpg\",\"datePublished\":\"2021-07-28T15:20:13+00:00\",\"dateModified\":\"2021-07-28T15:20:15+00:00\",\"breadcrumb\":{\"@id\":\"https:\\\/\\\/artslibris.cat\\\/ca\\\/artslibris-en-arcolisboa-2021\\\/#breadcrumb\"},\"inLanguage\":\"ca\",\"potentialAction\":[{\"@type\":\"ReadAction\",\"target\":[\"https:\\\/\\\/artslibris.cat\\\/ca\\\/artslibris-en-arcolisboa-2021\\\/\"]}]},{\"@type\":\"ImageObject\",\"inLanguage\":\"ca\",\"@id\":\"https:\\\/\\\/artslibris.cat\\\/ca\\\/artslibris-en-arcolisboa-2021\\\/#primaryimage\",\"url\":\"https:\\\/\\\/artslibris.cat\\\/wp-content\\\/uploads\\\/2021\\\/07\\\/AL-Lisboa-banners-ca-1.jpg\",\"contentUrl\":\"https:\\\/\\\/artslibris.cat\\\/wp-content\\\/uploads\\\/2021\\\/07\\\/AL-Lisboa-banners-ca-1.jpg\",\"width\":2346,\"height\":1431},{\"@type\":\"BreadcrumbList\",\"@id\":\"https:\\\/\\\/artslibris.cat\\\/ca\\\/artslibris-en-arcolisboa-2021\\\/#breadcrumb\",\"itemListElement\":[{\"@type\":\"ListItem\",\"position\":1,\"name\":\"Portada\",\"item\":\"https:\\\/\\\/artslibris.cat\\\/ca\\\/\"},{\"@type\":\"ListItem\",\"position\":2,\"name\":\"ArtsLibris en ARCOLisboa 2021\"}]},{\"@type\":\"WebSite\",\"@id\":\"https:\\\/\\\/artslibris.cat\\\/ca\\\/#website\",\"url\":\"https:\\\/\\\/artslibris.cat\\\/ca\\\/\",\"name\":\"ArtsLibris\",\"description\":\"\",\"publisher\":{\"@id\":\"https:\\\/\\\/artslibris.cat\\\/ca\\\/#organization\"},\"potentialAction\":[{\"@type\":\"SearchAction\",\"target\":{\"@type\":\"EntryPoint\",\"urlTemplate\":\"https:\\\/\\\/artslibris.cat\\\/ca\\\/?s={search_term_string}\"},\"query-input\":{\"@type\":\"PropertyValueSpecification\",\"valueRequired\":true,\"valueName\":\"search_term_string\"}}],\"inLanguage\":\"ca\"},{\"@type\":\"Organization\",\"@id\":\"https:\\\/\\\/artslibris.cat\\\/ca\\\/#organization\",\"name\":\"ArtsLibris\",\"url\":\"https:\\\/\\\/artslibris.cat\\\/ca\\\/\",\"logo\":{\"@type\":\"ImageObject\",\"inLanguage\":\"ca\",\"@id\":\"https:\\\/\\\/artslibris.cat\\\/ca\\\/#\\\/schema\\\/logo\\\/image\\\/\",\"url\":\"https:\\\/\\\/artslibris.cat\\\/wp-content\\\/uploads\\\/2020\\\/05\\\/ArtsLibris-logo-black.svg\",\"contentUrl\":\"https:\\\/\\\/artslibris.cat\\\/wp-content\\\/uploads\\\/2020\\\/05\\\/ArtsLibris-logo-black.svg\",\"width\":521,\"height\":85,\"caption\":\"ArtsLibris\"},\"image\":{\"@id\":\"https:\\\/\\\/artslibris.cat\\\/ca\\\/#\\\/schema\\\/logo\\\/image\\\/\"},\"sameAs\":[\"https:\\\/\\\/www.facebook.com\\\/artslibris\\\/\",\"https:\\\/\\\/x.com\\\/ArtsLibris\",\"https:\\\/\\\/www.instagram.com\\\/artslibris\\\/\"]},{\"@type\":\"Person\",\"@id\":\"https:\\\/\\\/artslibris.cat\\\/ca\\\/#\\\/schema\\\/person\\\/ad936dc2a81f3b31bbbdbd0e48dcff11\",\"name\":\"ArtsLibris\",\"image\":{\"@type\":\"ImageObject\",\"inLanguage\":\"ca\",\"@id\":\"https:\\\/\\\/secure.gravatar.com\\\/avatar\\\/93554fdb6b14b0d4b5a8d5429c61249580dede255b2f67526f18a8e65978ba0f?s=96&d=mm&r=g\",\"url\":\"https:\\\/\\\/secure.gravatar.com\\\/avatar\\\/93554fdb6b14b0d4b5a8d5429c61249580dede255b2f67526f18a8e65978ba0f?s=96&d=mm&r=g\",\"contentUrl\":\"https:\\\/\\\/secure.gravatar.com\\\/avatar\\\/93554fdb6b14b0d4b5a8d5429c61249580dede255b2f67526f18a8e65978ba0f?s=96&d=mm&r=g\",\"caption\":\"ArtsLibris\"},\"url\":\"https:\\\/\\\/0b48ef4fdac37494.cat\\\/ca\\\/author\\\/0b48ef4fdac37494\\\/\"}]}<\/script>\n<!-- \/ Yoast SEO plugin. -->","yoast_head_json":{"title":"ArtsLibris en ARCOLisboa 2021 - ArtsLibris","robots":{"index":"index","follow":"follow","max-snippet":"max-snippet:-1","max-image-preview":"max-image-preview:large","max-video-preview":"max-video-preview:-1"},"canonical":"https:\/\/artslibris.cat\/ca\/artslibris-en-arcolisboa-2021\/","og_locale":"ca_ES","og_type":"article","og_title":"ArtsLibris en ARCOLisboa 2021 - ArtsLibris","og_description":"\u00a1ARCOlisboa 2021 se celebrar\u00e1 unicamente en formato digital! Esta pr\u00f3xima edici\u00f3n de ARCOlisboa 2021 se realizar\u00e1 online del 13 al 19 de septiembre, con acceso VIP el d\u00eda 12. La feria se celebrar\u00e1 en la plataforma ARCO E-XHIBITIONS, el espacio digital dedicado a presentar exposiciones creadas por las galer\u00edas participates en ARCOlisboa. M\u00e1s informaci\u00f3n La [&hellip;]","og_url":"https:\/\/artslibris.cat\/ca\/artslibris-en-arcolisboa-2021\/","og_site_name":"ArtsLibris","article_publisher":"https:\/\/www.facebook.com\/artslibris\/","article_published_time":"2021-07-28T15:20:13+00:00","article_modified_time":"2021-07-28T15:20:15+00:00","og_image":[{"width":2346,"height":1431,"url":"https:\/\/artslibris.cat\/wp-content\/uploads\/2021\/07\/AL-Lisboa-banners-ca-1.jpg","type":"image\/jpeg"}],"author":"ArtsLibris","twitter_card":"summary_large_image","twitter_creator":"@ArtsLibris","twitter_site":"@ArtsLibris","twitter_misc":{"Escrit per":"ArtsLibris","Temps estimat de lectura":"1 minut"},"schema":{"@context":"https:\/\/schema.org","@graph":[{"@type":"Article","@id":"https:\/\/artslibris.cat\/ca\/artslibris-en-arcolisboa-2021\/#article","isPartOf":{"@id":"https:\/\/artslibris.cat\/ca\/artslibris-en-arcolisboa-2021\/"},"author":{"name":"ArtsLibris","@id":"https:\/\/artslibris.cat\/ca\/#\/schema\/person\/ad936dc2a81f3b31bbbdbd0e48dcff11"},"headline":"ArtsLibris en ARCOLisboa 2021","datePublished":"2021-07-28T15:20:13+00:00","dateModified":"2021-07-28T15:20:15+00:00","mainEntityOfPage":{"@id":"https:\/\/artslibris.cat\/ca\/artslibris-en-arcolisboa-2021\/"},"wordCount":123,"commentCount":0,"publisher":{"@id":"https:\/\/artslibris.cat\/ca\/#organization"},"image":{"@id":"https:\/\/artslibris.cat\/ca\/artslibris-en-arcolisboa-2021\/#primaryimage"},"thumbnailUrl":"https:\/\/artslibris.cat\/wp-content\/uploads\/2021\/07\/AL-Lisboa-banners-ca-1.jpg","inLanguage":"ca","potentialAction":[{"@type":"CommentAction","name":"Comment","target":["https:\/\/artslibris.cat\/ca\/artslibris-en-arcolisboa-2021\/#respond"]}]},{"@type":"WebPage","@id":"https:\/\/artslibris.cat\/ca\/artslibris-en-arcolisboa-2021\/","url":"https:\/\/artslibris.cat\/ca\/artslibris-en-arcolisboa-2021\/","name":"ArtsLibris en ARCOLisboa 2021 - ArtsLibris","isPartOf":{"@id":"https:\/\/artslibris.cat\/ca\/#website"},"primaryImageOfPage":{"@id":"https:\/\/artslibris.cat\/ca\/artslibris-en-arcolisboa-2021\/#primaryimage"},"image":{"@id":"https:\/\/artslibris.cat\/ca\/artslibris-en-arcolisboa-2021\/#primaryimage"},"thumbnailUrl":"https:\/\/artslibris.cat\/wp-content\/uploads\/2021\/07\/AL-Lisboa-banners-ca-1.jpg","datePublished":"2021-07-28T15:20:13+00:00","dateModified":"2021-07-28T15:20:15+00:00","breadcrumb":{"@id":"https:\/\/artslibris.cat\/ca\/artslibris-en-arcolisboa-2021\/#breadcrumb"},"inLanguage":"ca","potentialAction":[{"@type":"ReadAction","target":["https:\/\/artslibris.cat\/ca\/artslibris-en-arcolisboa-2021\/"]}]},{"@type":"ImageObject","inLanguage":"ca","@id":"https:\/\/artslibris.cat\/ca\/artslibris-en-arcolisboa-2021\/#primaryimage","url":"https:\/\/artslibris.cat\/wp-content\/uploads\/2021\/07\/AL-Lisboa-banners-ca-1.jpg","contentUrl":"https:\/\/artslibris.cat\/wp-content\/uploads\/2021\/07\/AL-Lisboa-banners-ca-1.jpg","width":2346,"height":1431},{"@type":"BreadcrumbList","@id":"https:\/\/artslibris.cat\/ca\/artslibris-en-arcolisboa-2021\/#breadcrumb","itemListElement":[{"@type":"ListItem","position":1,"name":"Portada","item":"https:\/\/artslibris.cat\/ca\/"},{"@type":"ListItem","position":2,"name":"ArtsLibris en ARCOLisboa 2021"}]},{"@type":"WebSite","@id":"https:\/\/artslibris.cat\/ca\/#website","url":"https:\/\/artslibris.cat\/ca\/","name":"ArtsLibris","description":"","publisher":{"@id":"https:\/\/artslibris.cat\/ca\/#organization"},"potentialAction":[{"@type":"SearchAction","target":{"@type":"EntryPoint","urlTemplate":"https:\/\/artslibris.cat\/ca\/?s={search_term_string}"},"query-input":{"@type":"PropertyValueSpecification","valueRequired":true,"valueName":"search_term_string"}}],"inLanguage":"ca"},{"@type":"Organization","@id":"https:\/\/artslibris.cat\/ca\/#organization","name":"ArtsLibris","url":"https:\/\/artslibris.cat\/ca\/","logo":{"@type":"ImageObject","inLanguage":"ca","@id":"https:\/\/artslibris.cat\/ca\/#\/schema\/logo\/image\/","url":"https:\/\/artslibris.cat\/wp-content\/uploads\/2020\/05\/ArtsLibris-logo-black.svg","contentUrl":"https:\/\/artslibris.cat\/wp-content\/uploads\/2020\/05\/ArtsLibris-logo-black.svg","width":521,"height":85,"caption":"ArtsLibris"},"image":{"@id":"https:\/\/artslibris.cat\/ca\/#\/schema\/logo\/image\/"},"sameAs":["https:\/\/www.facebook.com\/artslibris\/","https:\/\/x.com\/ArtsLibris","https:\/\/www.instagram.com\/artslibris\/"]},{"@type":"Person","@id":"https:\/\/artslibris.cat\/ca\/#\/schema\/person\/ad936dc2a81f3b31bbbdbd0e48dcff11","name":"ArtsLibris","image":{"@type":"ImageObject","inLanguage":"ca","@id":"https:\/\/secure.gravatar.com\/avatar\/93554fdb6b14b0d4b5a8d5429c61249580dede255b2f67526f18a8e65978ba0f?s=96&d=mm&r=g","url":"https:\/\/secure.gravatar.com\/avatar\/93554fdb6b14b0d4b5a8d5429c61249580dede255b2f67526f18a8e65978ba0f?s=96&d=mm&r=g","contentUrl":"https:\/\/secure.gravatar.com\/avatar\/93554fdb6b14b0d4b5a8d5429c61249580dede255b2f67526f18a8e65978ba0f?s=96&d=mm&r=g","caption":"ArtsLibris"},"url":"https:\/\/0b48ef4fdac37494.cat\/ca\/author\/0b48ef4fdac37494\/"}]}},"_links":{"self":[{"href":"https:\/\/artslibris.cat\/ca\/wp-json\/wp\/v2\/posts\/13585","targetHints":{"allow":["GET"]}}],"collection":[{"href":"https:\/\/artslibris.cat\/ca\/wp-json\/wp\/v2\/posts"}],"about":[{"href":"https:\/\/artslibris.cat\/ca\/wp-json\/wp\/v2\/types\/post"}],"author":[{"embeddable":true,"href":"https:\/\/artslibris.cat\/ca\/wp-json\/wp\/v2\/users\/2"}],"replies":[{"embeddable":true,"href":"https:\/\/artslibris.cat\/ca\/wp-json\/wp\/v2\/comments?post=13585"}],"version-history":[{"count":0,"href":"https:\/\/artslibris.cat\/ca\/wp-json\/wp\/v2\/posts\/13585\/revisions"}],"wp:featuredmedia":[{"embeddable":true,"href":"https:\/\/artslibris.cat\/ca\/wp-json\/wp\/v2\/media\/13549"}],"wp:attachment":[{"href":"https:\/\/artslibris.cat\/ca\/wp-json\/wp\/v2\/media?parent=13585"}],"wp:term":[{"taxonomy":"category","embeddable":true,"href":"https:\/\/artslibris.cat\/ca\/wp-json\/wp\/v2\/categories?post=13585"},{"taxonomy":"post_tag","embeddable":true,"href":"https:\/\/artslibris.cat\/ca\/wp-json\/wp\/v2\/tags?post=13585"}],"curies":[{"name":"wp","href":"https:\/\/api.w.org\/{rel}","templated":true}]}}