{"id":12789,"date":"2021-07-13T17:41:24","date_gmt":"2021-07-13T17:41:24","guid":{"rendered":"https:\/\/artslibris.cat\/?p=12789"},"modified":"2021-07-13T17:57:48","modified_gmt":"2021-07-13T17:57:48","slug":"artslibris-a-arcomadrid-2021","status":"publish","type":"post","link":"https:\/\/artslibris.cat\/ca\/artslibris-a-arcomadrid-2021\/","title":{"rendered":"ArtsLibris a ARCOmadrid 2021"},"content":{"rendered":"\t\t<div data-elementor-type=\"wp-post\" data-elementor-id=\"12789\" class=\"elementor elementor-12789 elementor-12788\" data-elementor-post-type=\"post\">\n\t\t\t\t\t\t<section class=\"elementor-section elementor-top-section elementor-element elementor-element-44183ae6 elementor-section-boxed elementor-section-height-default elementor-section-height-default\" data-id=\"44183ae6\" data-element_type=\"section\">\n\t\t\t\t\t\t<div class=\"elementor-container elementor-column-gap-default\">\n\t\t\t\t\t<div class=\"elementor-column elementor-col-100 elementor-top-column elementor-element elementor-element-2f05ada0\" data-id=\"2f05ada0\" data-element_type=\"column\">\n\t\t\t<div class=\"elementor-widget-wrap elementor-element-populated\">\n\t\t\t\t\t\t<div class=\"elementor-element elementor-element-6edc09f1 elementor-widget elementor-widget-text-editor\" data-id=\"6edc09f1\" data-element_type=\"widget\" data-widget_type=\"text-editor.default\">\n\t\t\t\t<div class=\"elementor-widget-container\">\n\t\t\t\t\t\t\t\t\t<table width=\"100%\"><tbody><tr><td><p><strong>ArtsLibris<\/strong>\u00a0a ARCOmadrid 2021 presenta en aquesta sisena edici\u00f3 quaranta-dos expositors i una programaci\u00f3 cultural encap\u00e7alada pel cicle de confer\u00e8ncies coordinades i moderades per Andrea Soto Calder\u00f3n, doctora en filosofia, al F\u00f2rum Professional d\u2019ARCO.<\/p><p>D\u2019aquesta manera,\u00a0<strong>ArtsLibris<\/strong>\u00a0es converteix en un nexe que es proposa dialogar entorn de l\u2019edici\u00f3 contempor\u00e0nia i les publicacions d\u2019artistes, enteses en un sentit ampli i no sols en termes editorials. Es tracta d\u2019un espai en el qual poder reflexionar i compartir pr\u00e0ctiques en relaci\u00f3 al lloc que ocupen les publicacions d\u2019artistes en la configuraci\u00f3 d\u2019una sensibilitat en la producci\u00f3 art\u00edstica, el context en el qual s\u2019inscriuen i pensar sobre les seves futures direccions.<\/p><\/td><\/tr><\/tbody><\/table><p><a href=\"https:\/\/mailchi.mp\/artslibris.cat\/artslibris-en-arcomadrid-2021\"><em>Veure la selecci\u00f3<\/em><\/a><\/p>\t\t\t\t\t\t\t\t<\/div>\n\t\t\t\t<\/div>\n\t\t\t\t\t<\/div>\n\t\t<\/div>\n\t\t\t\t\t<\/div>\n\t\t<\/section>\n\t\t\t\t<\/div>\n\t\t","protected":false},"excerpt":{"rendered":"<p>ArtsLibris\u00a0a ARCOmadrid 2021 presenta en aquesta sisena edici\u00f3 quaranta-dos expositors i una programaci\u00f3 cultural encap\u00e7alada pel cicle de confer\u00e8ncies coordinades i moderades per Andrea Soto Calder\u00f3n, doctora en filosofia, al F\u00f2rum Professional d\u2019ARCO. D\u2019aquesta manera,\u00a0ArtsLibris\u00a0es converteix en un nexe que es proposa dialogar entorn de l\u2019edici\u00f3 contempor\u00e0nia i les publicacions d\u2019artistes, enteses en un sentit [&hellip;]<\/p>\n","protected":false},"author":2,"featured_media":12801,"comment_status":"open","ping_status":"open","sticky":false,"template":"","format":"standard","meta":{"_acf_changed":false,"site-sidebar-layout":"default","site-content-layout":"default","ast-site-content-layout":"default","site-content-style":"default","site-sidebar-style":"default","ast-global-header-display":"","ast-banner-title-visibility":"","ast-main-header-display":"","ast-hfb-above-header-display":"","ast-hfb-below-header-display":"","ast-hfb-mobile-header-display":"","site-post-title":"","ast-breadcrumbs-content":"","ast-featured-img":"","footer-sml-layout":"","ast-disable-related-posts":"","theme-transparent-header-meta":"default","adv-header-id-meta":"","stick-header-meta":"","header-above-stick-meta":"","header-main-stick-meta":"","header-below-stick-meta":"","astra-migrate-meta-layouts":"default","ast-page-background-enabled":"default","ast-page-background-meta":{"desktop":{"background-color":"","background-image":"","background-repeat":"repeat","background-position":"center center","background-size":"auto","background-attachment":"scroll","background-type":"","background-media":"","overlay-type":"","overlay-color":"","overlay-opacity":"","overlay-gradient":""},"tablet":{"background-color":"","background-image":"","background-repeat":"repeat","background-position":"center center","background-size":"auto","background-attachment":"scroll","background-type":"","background-media":"","overlay-type":"","overlay-color":"","overlay-opacity":"","overlay-gradient":""},"mobile":{"background-color":"","background-image":"","background-repeat":"repeat","background-position":"center center","background-size":"auto","background-attachment":"scroll","background-type":"","background-media":"","overlay-type":"","overlay-color":"","overlay-opacity":"","overlay-gradient":""}},"ast-content-background-meta":{"desktop":{"background-color":"var(--ast-global-color-5)","background-image":"","background-repeat":"repeat","background-position":"center center","background-size":"auto","background-attachment":"scroll","background-type":"","background-media":"","overlay-type":"","overlay-color":"","overlay-opacity":"","overlay-gradient":""},"tablet":{"background-color":"var(--ast-global-color-5)","background-image":"","background-repeat":"repeat","background-position":"center center","background-size":"auto","background-attachment":"scroll","background-type":"","background-media":"","overlay-type":"","overlay-color":"","overlay-opacity":"","overlay-gradient":""},"mobile":{"background-color":"var(--ast-global-color-5)","background-image":"","background-repeat":"repeat","background-position":"center center","background-size":"auto","background-attachment":"scroll","background-type":"","background-media":"","overlay-type":"","overlay-color":"","overlay-opacity":"","overlay-gradient":""}},"footnotes":""},"categories":[48],"tags":[],"class_list":["post-12789","post","type-post","status-publish","format-standard","has-post-thumbnail","hentry","category-sense-categoria"],"acf":[],"yoast_head":"<!-- This site is optimized with the Yoast SEO plugin v27.3 - https:\/\/yoast.com\/product\/yoast-seo-wordpress\/ -->\n<title>ArtsLibris a ARCOmadrid 2021 - ArtsLibris<\/title>\n<meta name=\"robots\" content=\"index, follow, max-snippet:-1, max-image-preview:large, max-video-preview:-1\" \/>\n<link rel=\"canonical\" href=\"https:\/\/artslibris.cat\/ca\/artslibris-a-arcomadrid-2021\/\" \/>\n<meta property=\"og:locale\" content=\"ca_ES\" \/>\n<meta property=\"og:type\" content=\"article\" \/>\n<meta property=\"og:title\" content=\"ArtsLibris a ARCOmadrid 2021 - ArtsLibris\" \/>\n<meta property=\"og:description\" content=\"ArtsLibris\u00a0a ARCOmadrid 2021 presenta en aquesta sisena edici\u00f3 quaranta-dos expositors i una programaci\u00f3 cultural encap\u00e7alada pel cicle de confer\u00e8ncies coordinades i moderades per Andrea Soto Calder\u00f3n, doctora en filosofia, al F\u00f2rum Professional d\u2019ARCO. D\u2019aquesta manera,\u00a0ArtsLibris\u00a0es converteix en un nexe que es proposa dialogar entorn de l\u2019edici\u00f3 contempor\u00e0nia i les publicacions d\u2019artistes, enteses en un sentit [&hellip;]\" \/>\n<meta property=\"og:url\" content=\"https:\/\/artslibris.cat\/ca\/artslibris-a-arcomadrid-2021\/\" \/>\n<meta property=\"og:site_name\" content=\"ArtsLibris\" \/>\n<meta property=\"article:publisher\" content=\"https:\/\/www.facebook.com\/artslibris\/\" \/>\n<meta property=\"article:published_time\" content=\"2021-07-13T17:41:24+00:00\" \/>\n<meta property=\"article:modified_time\" content=\"2021-07-13T17:57:48+00:00\" \/>\n<meta property=\"og:image\" content=\"https:\/\/artslibris.cat\/wp-content\/uploads\/2021\/07\/AL-ARCOmadrid-rectangular-1.jpg\" \/>\n\t<meta property=\"og:image:width\" content=\"2298\" \/>\n\t<meta property=\"og:image:height\" content=\"1397\" \/>\n\t<meta property=\"og:image:type\" content=\"image\/jpeg\" \/>\n<meta name=\"author\" content=\"ArtsLibris\" \/>\n<meta name=\"twitter:card\" content=\"summary_large_image\" \/>\n<meta name=\"twitter:creator\" content=\"@ArtsLibris\" \/>\n<meta name=\"twitter:site\" content=\"@ArtsLibris\" \/>\n<meta name=\"twitter:label1\" content=\"Escrit per\" \/>\n\t<meta name=\"twitter:data1\" content=\"ArtsLibris\" \/>\n\t<meta name=\"twitter:label2\" content=\"Temps estimat de lectura\" \/>\n\t<meta name=\"twitter:data2\" content=\"1 minut\" \/>\n<script type=\"application\/ld+json\" class=\"yoast-schema-graph\">{\"@context\":\"https:\\\/\\\/schema.org\",\"@graph\":[{\"@type\":\"Article\",\"@id\":\"https:\\\/\\\/artslibris.cat\\\/ca\\\/artslibris-a-arcomadrid-2021\\\/#article\",\"isPartOf\":{\"@id\":\"https:\\\/\\\/artslibris.cat\\\/ca\\\/artslibris-a-arcomadrid-2021\\\/\"},\"author\":{\"name\":\"ArtsLibris\",\"@id\":\"https:\\\/\\\/artslibris.cat\\\/ca\\\/#\\\/schema\\\/person\\\/ad936dc2a81f3b31bbbdbd0e48dcff11\"},\"headline\":\"ArtsLibris a ARCOmadrid 2021\",\"datePublished\":\"2021-07-13T17:41:24+00:00\",\"dateModified\":\"2021-07-13T17:57:48+00:00\",\"mainEntityOfPage\":{\"@id\":\"https:\\\/\\\/artslibris.cat\\\/ca\\\/artslibris-a-arcomadrid-2021\\\/\"},\"wordCount\":128,\"commentCount\":0,\"publisher\":{\"@id\":\"https:\\\/\\\/artslibris.cat\\\/ca\\\/#organization\"},\"image\":{\"@id\":\"https:\\\/\\\/artslibris.cat\\\/ca\\\/artslibris-a-arcomadrid-2021\\\/#primaryimage\"},\"thumbnailUrl\":\"https:\\\/\\\/artslibris.cat\\\/wp-content\\\/uploads\\\/2021\\\/07\\\/AL-ARCOmadrid-rectangular-1.jpg\",\"inLanguage\":\"ca\",\"potentialAction\":[{\"@type\":\"CommentAction\",\"name\":\"Comment\",\"target\":[\"https:\\\/\\\/artslibris.cat\\\/ca\\\/artslibris-a-arcomadrid-2021\\\/#respond\"]}]},{\"@type\":\"WebPage\",\"@id\":\"https:\\\/\\\/artslibris.cat\\\/ca\\\/artslibris-a-arcomadrid-2021\\\/\",\"url\":\"https:\\\/\\\/artslibris.cat\\\/ca\\\/artslibris-a-arcomadrid-2021\\\/\",\"name\":\"ArtsLibris a ARCOmadrid 2021 - ArtsLibris\",\"isPartOf\":{\"@id\":\"https:\\\/\\\/artslibris.cat\\\/ca\\\/#website\"},\"primaryImageOfPage\":{\"@id\":\"https:\\\/\\\/artslibris.cat\\\/ca\\\/artslibris-a-arcomadrid-2021\\\/#primaryimage\"},\"image\":{\"@id\":\"https:\\\/\\\/artslibris.cat\\\/ca\\\/artslibris-a-arcomadrid-2021\\\/#primaryimage\"},\"thumbnailUrl\":\"https:\\\/\\\/artslibris.cat\\\/wp-content\\\/uploads\\\/2021\\\/07\\\/AL-ARCOmadrid-rectangular-1.jpg\",\"datePublished\":\"2021-07-13T17:41:24+00:00\",\"dateModified\":\"2021-07-13T17:57:48+00:00\",\"breadcrumb\":{\"@id\":\"https:\\\/\\\/artslibris.cat\\\/ca\\\/artslibris-a-arcomadrid-2021\\\/#breadcrumb\"},\"inLanguage\":\"ca\",\"potentialAction\":[{\"@type\":\"ReadAction\",\"target\":[\"https:\\\/\\\/artslibris.cat\\\/ca\\\/artslibris-a-arcomadrid-2021\\\/\"]}]},{\"@type\":\"ImageObject\",\"inLanguage\":\"ca\",\"@id\":\"https:\\\/\\\/artslibris.cat\\\/ca\\\/artslibris-a-arcomadrid-2021\\\/#primaryimage\",\"url\":\"https:\\\/\\\/artslibris.cat\\\/wp-content\\\/uploads\\\/2021\\\/07\\\/AL-ARCOmadrid-rectangular-1.jpg\",\"contentUrl\":\"https:\\\/\\\/artslibris.cat\\\/wp-content\\\/uploads\\\/2021\\\/07\\\/AL-ARCOmadrid-rectangular-1.jpg\",\"width\":2298,\"height\":1397},{\"@type\":\"BreadcrumbList\",\"@id\":\"https:\\\/\\\/artslibris.cat\\\/ca\\\/artslibris-a-arcomadrid-2021\\\/#breadcrumb\",\"itemListElement\":[{\"@type\":\"ListItem\",\"position\":1,\"name\":\"Portada\",\"item\":\"https:\\\/\\\/artslibris.cat\\\/ca\\\/\"},{\"@type\":\"ListItem\",\"position\":2,\"name\":\"ArtsLibris a ARCOmadrid 2021\"}]},{\"@type\":\"WebSite\",\"@id\":\"https:\\\/\\\/artslibris.cat\\\/ca\\\/#website\",\"url\":\"https:\\\/\\\/artslibris.cat\\\/ca\\\/\",\"name\":\"ArtsLibris\",\"description\":\"\",\"publisher\":{\"@id\":\"https:\\\/\\\/artslibris.cat\\\/ca\\\/#organization\"},\"potentialAction\":[{\"@type\":\"SearchAction\",\"target\":{\"@type\":\"EntryPoint\",\"urlTemplate\":\"https:\\\/\\\/artslibris.cat\\\/ca\\\/?s={search_term_string}\"},\"query-input\":{\"@type\":\"PropertyValueSpecification\",\"valueRequired\":true,\"valueName\":\"search_term_string\"}}],\"inLanguage\":\"ca\"},{\"@type\":\"Organization\",\"@id\":\"https:\\\/\\\/artslibris.cat\\\/ca\\\/#organization\",\"name\":\"ArtsLibris\",\"url\":\"https:\\\/\\\/artslibris.cat\\\/ca\\\/\",\"logo\":{\"@type\":\"ImageObject\",\"inLanguage\":\"ca\",\"@id\":\"https:\\\/\\\/artslibris.cat\\\/ca\\\/#\\\/schema\\\/logo\\\/image\\\/\",\"url\":\"https:\\\/\\\/artslibris.cat\\\/wp-content\\\/uploads\\\/2020\\\/05\\\/ArtsLibris-logo-black.svg\",\"contentUrl\":\"https:\\\/\\\/artslibris.cat\\\/wp-content\\\/uploads\\\/2020\\\/05\\\/ArtsLibris-logo-black.svg\",\"width\":521,\"height\":85,\"caption\":\"ArtsLibris\"},\"image\":{\"@id\":\"https:\\\/\\\/artslibris.cat\\\/ca\\\/#\\\/schema\\\/logo\\\/image\\\/\"},\"sameAs\":[\"https:\\\/\\\/www.facebook.com\\\/artslibris\\\/\",\"https:\\\/\\\/x.com\\\/ArtsLibris\",\"https:\\\/\\\/www.instagram.com\\\/artslibris\\\/\"]},{\"@type\":\"Person\",\"@id\":\"https:\\\/\\\/artslibris.cat\\\/ca\\\/#\\\/schema\\\/person\\\/ad936dc2a81f3b31bbbdbd0e48dcff11\",\"name\":\"ArtsLibris\",\"image\":{\"@type\":\"ImageObject\",\"inLanguage\":\"ca\",\"@id\":\"https:\\\/\\\/secure.gravatar.com\\\/avatar\\\/93554fdb6b14b0d4b5a8d5429c61249580dede255b2f67526f18a8e65978ba0f?s=96&d=mm&r=g\",\"url\":\"https:\\\/\\\/secure.gravatar.com\\\/avatar\\\/93554fdb6b14b0d4b5a8d5429c61249580dede255b2f67526f18a8e65978ba0f?s=96&d=mm&r=g\",\"contentUrl\":\"https:\\\/\\\/secure.gravatar.com\\\/avatar\\\/93554fdb6b14b0d4b5a8d5429c61249580dede255b2f67526f18a8e65978ba0f?s=96&d=mm&r=g\",\"caption\":\"ArtsLibris\"},\"url\":\"https:\\\/\\\/0b48ef4fdac37494.cat\\\/ca\\\/author\\\/0b48ef4fdac37494\\\/\"}]}<\/script>\n<!-- \/ Yoast SEO plugin. -->","yoast_head_json":{"title":"ArtsLibris a ARCOmadrid 2021 - ArtsLibris","robots":{"index":"index","follow":"follow","max-snippet":"max-snippet:-1","max-image-preview":"max-image-preview:large","max-video-preview":"max-video-preview:-1"},"canonical":"https:\/\/artslibris.cat\/ca\/artslibris-a-arcomadrid-2021\/","og_locale":"ca_ES","og_type":"article","og_title":"ArtsLibris a ARCOmadrid 2021 - ArtsLibris","og_description":"ArtsLibris\u00a0a ARCOmadrid 2021 presenta en aquesta sisena edici\u00f3 quaranta-dos expositors i una programaci\u00f3 cultural encap\u00e7alada pel cicle de confer\u00e8ncies coordinades i moderades per Andrea Soto Calder\u00f3n, doctora en filosofia, al F\u00f2rum Professional d\u2019ARCO. D\u2019aquesta manera,\u00a0ArtsLibris\u00a0es converteix en un nexe que es proposa dialogar entorn de l\u2019edici\u00f3 contempor\u00e0nia i les publicacions d\u2019artistes, enteses en un sentit [&hellip;]","og_url":"https:\/\/artslibris.cat\/ca\/artslibris-a-arcomadrid-2021\/","og_site_name":"ArtsLibris","article_publisher":"https:\/\/www.facebook.com\/artslibris\/","article_published_time":"2021-07-13T17:41:24+00:00","article_modified_time":"2021-07-13T17:57:48+00:00","og_image":[{"width":2298,"height":1397,"url":"https:\/\/artslibris.cat\/wp-content\/uploads\/2021\/07\/AL-ARCOmadrid-rectangular-1.jpg","type":"image\/jpeg"}],"author":"ArtsLibris","twitter_card":"summary_large_image","twitter_creator":"@ArtsLibris","twitter_site":"@ArtsLibris","twitter_misc":{"Escrit per":"ArtsLibris","Temps estimat de lectura":"1 minut"},"schema":{"@context":"https:\/\/schema.org","@graph":[{"@type":"Article","@id":"https:\/\/artslibris.cat\/ca\/artslibris-a-arcomadrid-2021\/#article","isPartOf":{"@id":"https:\/\/artslibris.cat\/ca\/artslibris-a-arcomadrid-2021\/"},"author":{"name":"ArtsLibris","@id":"https:\/\/artslibris.cat\/ca\/#\/schema\/person\/ad936dc2a81f3b31bbbdbd0e48dcff11"},"headline":"ArtsLibris a ARCOmadrid 2021","datePublished":"2021-07-13T17:41:24+00:00","dateModified":"2021-07-13T17:57:48+00:00","mainEntityOfPage":{"@id":"https:\/\/artslibris.cat\/ca\/artslibris-a-arcomadrid-2021\/"},"wordCount":128,"commentCount":0,"publisher":{"@id":"https:\/\/artslibris.cat\/ca\/#organization"},"image":{"@id":"https:\/\/artslibris.cat\/ca\/artslibris-a-arcomadrid-2021\/#primaryimage"},"thumbnailUrl":"https:\/\/artslibris.cat\/wp-content\/uploads\/2021\/07\/AL-ARCOmadrid-rectangular-1.jpg","inLanguage":"ca","potentialAction":[{"@type":"CommentAction","name":"Comment","target":["https:\/\/artslibris.cat\/ca\/artslibris-a-arcomadrid-2021\/#respond"]}]},{"@type":"WebPage","@id":"https:\/\/artslibris.cat\/ca\/artslibris-a-arcomadrid-2021\/","url":"https:\/\/artslibris.cat\/ca\/artslibris-a-arcomadrid-2021\/","name":"ArtsLibris a ARCOmadrid 2021 - ArtsLibris","isPartOf":{"@id":"https:\/\/artslibris.cat\/ca\/#website"},"primaryImageOfPage":{"@id":"https:\/\/artslibris.cat\/ca\/artslibris-a-arcomadrid-2021\/#primaryimage"},"image":{"@id":"https:\/\/artslibris.cat\/ca\/artslibris-a-arcomadrid-2021\/#primaryimage"},"thumbnailUrl":"https:\/\/artslibris.cat\/wp-content\/uploads\/2021\/07\/AL-ARCOmadrid-rectangular-1.jpg","datePublished":"2021-07-13T17:41:24+00:00","dateModified":"2021-07-13T17:57:48+00:00","breadcrumb":{"@id":"https:\/\/artslibris.cat\/ca\/artslibris-a-arcomadrid-2021\/#breadcrumb"},"inLanguage":"ca","potentialAction":[{"@type":"ReadAction","target":["https:\/\/artslibris.cat\/ca\/artslibris-a-arcomadrid-2021\/"]}]},{"@type":"ImageObject","inLanguage":"ca","@id":"https:\/\/artslibris.cat\/ca\/artslibris-a-arcomadrid-2021\/#primaryimage","url":"https:\/\/artslibris.cat\/wp-content\/uploads\/2021\/07\/AL-ARCOmadrid-rectangular-1.jpg","contentUrl":"https:\/\/artslibris.cat\/wp-content\/uploads\/2021\/07\/AL-ARCOmadrid-rectangular-1.jpg","width":2298,"height":1397},{"@type":"BreadcrumbList","@id":"https:\/\/artslibris.cat\/ca\/artslibris-a-arcomadrid-2021\/#breadcrumb","itemListElement":[{"@type":"ListItem","position":1,"name":"Portada","item":"https:\/\/artslibris.cat\/ca\/"},{"@type":"ListItem","position":2,"name":"ArtsLibris a ARCOmadrid 2021"}]},{"@type":"WebSite","@id":"https:\/\/artslibris.cat\/ca\/#website","url":"https:\/\/artslibris.cat\/ca\/","name":"ArtsLibris","description":"","publisher":{"@id":"https:\/\/artslibris.cat\/ca\/#organization"},"potentialAction":[{"@type":"SearchAction","target":{"@type":"EntryPoint","urlTemplate":"https:\/\/artslibris.cat\/ca\/?s={search_term_string}"},"query-input":{"@type":"PropertyValueSpecification","valueRequired":true,"valueName":"search_term_string"}}],"inLanguage":"ca"},{"@type":"Organization","@id":"https:\/\/artslibris.cat\/ca\/#organization","name":"ArtsLibris","url":"https:\/\/artslibris.cat\/ca\/","logo":{"@type":"ImageObject","inLanguage":"ca","@id":"https:\/\/artslibris.cat\/ca\/#\/schema\/logo\/image\/","url":"https:\/\/artslibris.cat\/wp-content\/uploads\/2020\/05\/ArtsLibris-logo-black.svg","contentUrl":"https:\/\/artslibris.cat\/wp-content\/uploads\/2020\/05\/ArtsLibris-logo-black.svg","width":521,"height":85,"caption":"ArtsLibris"},"image":{"@id":"https:\/\/artslibris.cat\/ca\/#\/schema\/logo\/image\/"},"sameAs":["https:\/\/www.facebook.com\/artslibris\/","https:\/\/x.com\/ArtsLibris","https:\/\/www.instagram.com\/artslibris\/"]},{"@type":"Person","@id":"https:\/\/artslibris.cat\/ca\/#\/schema\/person\/ad936dc2a81f3b31bbbdbd0e48dcff11","name":"ArtsLibris","image":{"@type":"ImageObject","inLanguage":"ca","@id":"https:\/\/secure.gravatar.com\/avatar\/93554fdb6b14b0d4b5a8d5429c61249580dede255b2f67526f18a8e65978ba0f?s=96&d=mm&r=g","url":"https:\/\/secure.gravatar.com\/avatar\/93554fdb6b14b0d4b5a8d5429c61249580dede255b2f67526f18a8e65978ba0f?s=96&d=mm&r=g","contentUrl":"https:\/\/secure.gravatar.com\/avatar\/93554fdb6b14b0d4b5a8d5429c61249580dede255b2f67526f18a8e65978ba0f?s=96&d=mm&r=g","caption":"ArtsLibris"},"url":"https:\/\/0b48ef4fdac37494.cat\/ca\/author\/0b48ef4fdac37494\/"}]}},"_links":{"self":[{"href":"https:\/\/artslibris.cat\/ca\/wp-json\/wp\/v2\/posts\/12789","targetHints":{"allow":["GET"]}}],"collection":[{"href":"https:\/\/artslibris.cat\/ca\/wp-json\/wp\/v2\/posts"}],"about":[{"href":"https:\/\/artslibris.cat\/ca\/wp-json\/wp\/v2\/types\/post"}],"author":[{"embeddable":true,"href":"https:\/\/artslibris.cat\/ca\/wp-json\/wp\/v2\/users\/2"}],"replies":[{"embeddable":true,"href":"https:\/\/artslibris.cat\/ca\/wp-json\/wp\/v2\/comments?post=12789"}],"version-history":[{"count":0,"href":"https:\/\/artslibris.cat\/ca\/wp-json\/wp\/v2\/posts\/12789\/revisions"}],"wp:featuredmedia":[{"embeddable":true,"href":"https:\/\/artslibris.cat\/ca\/wp-json\/wp\/v2\/media\/12801"}],"wp:attachment":[{"href":"https:\/\/artslibris.cat\/ca\/wp-json\/wp\/v2\/media?parent=12789"}],"wp:term":[{"taxonomy":"category","embeddable":true,"href":"https:\/\/artslibris.cat\/ca\/wp-json\/wp\/v2\/categories?post=12789"},{"taxonomy":"post_tag","embeddable":true,"href":"https:\/\/artslibris.cat\/ca\/wp-json\/wp\/v2\/tags?post=12789"}],"curies":[{"name":"wp","href":"https:\/\/api.w.org\/{rel}","templated":true}]}}